{"id":7726,"date":"2023-08-09T11:18:58","date_gmt":"2023-08-09T16:18:58","guid":{"rendered":"https:\/\/cmconsultores.com.co\/?p=7726"},"modified":"2026-01-06T11:08:14","modified_gmt":"2026-01-06T16:08:14","slug":"infraestructura-educativa-en-colombia","status":"publish","type":"post","link":"https:\/\/cmconsultores.com.co\/en\/infraestructura-educativa-en-colombia\/","title":{"rendered":"Educational Infrastructure in Colombia"},"content":{"rendered":"<div data-elementor-type=\"wp-post\" data-elementor-id=\"7726\" class=\"elementor elementor-7726\" data-elementor-post-type=\"post\">\n\t\t\t\t\t\t<section data-particle_enable=\"false\" data-particle-mobile-disabled=\"false\" class=\"elementor-section elementor-top-section elementor-element elementor-element-403cb95b elementor-section-boxed elementor-section-height-default elementor-section-height-default\" data-id=\"403cb95b\" data-element_type=\"section\">\n\t\t\t\t\t\t<div class=\"elementor-container elementor-column-gap-default\">\n\t\t\t\t\t<div class=\"elementor-column elementor-col-100 elementor-top-column elementor-element elementor-element-12182a77\" data-id=\"12182a77\" data-element_type=\"column\">\n\t\t\t<div class=\"elementor-widget-wrap elementor-element-populated\">\n\t\t\t\t\t\t<div class=\"elementor-element elementor-element-fb07803 elementor-position-left elementor-hidden-mobile elementor-vertical-align-top elementor-widget elementor-widget-image-box\" data-id=\"fb07803\" data-element_type=\"widget\" data-widget_type=\"image-box.default\">\n\t\t\t\t<div class=\"elementor-widget-container\">\n\t\t\t<div class=\"elementor-image-box-wrapper\"><figure class=\"elementor-image-box-img\"><img decoding=\"async\" width=\"150\" height=\"150\" src=\"https:\/\/cmconsultores.com.co\/wp-content\/uploads\/Miguel-Angel-Diaz-150x150.webp\" class=\"attachment-thumbnail size-thumbnail wp-image-10097\" alt=\"\" srcset=\"https:\/\/cmconsultores.com.co\/wp-content\/uploads\/Miguel-Angel-Diaz-150x150.webp 150w, https:\/\/cmconsultores.com.co\/wp-content\/uploads\/Miguel-Angel-Diaz-12x12.webp 12w, https:\/\/cmconsultores.com.co\/wp-content\/uploads\/Miguel-Angel-Diaz.webp 180w\" sizes=\"(max-width: 150px) 100vw, 150px\" \/><\/figure><div class=\"elementor-image-box-content\"><h5 class=\"elementor-image-box-title\">Miguel Angel Diaz<\/h5><p class=\"elementor-image-box-description\">Project Manager, Bonavista and Porvenir Schools<\/p><\/div><\/div>\t\t<\/div>\n\t\t\t\t<\/div>\n\t\t\t\t<div class=\"elementor-element elementor-element-ab627a0 elementor-position-left elementor-hidden-widescreen elementor-hidden-desktop elementor-hidden-tablet elementor-vertical-align-top elementor-widget elementor-widget-image-box\" data-id=\"ab627a0\" data-element_type=\"widget\" data-widget_type=\"image-box.default\">\n\t\t\t\t<div class=\"elementor-widget-container\">\n\t\t\t<div class=\"elementor-image-box-wrapper\"><figure class=\"elementor-image-box-img\"><img decoding=\"async\" width=\"150\" height=\"150\" src=\"https:\/\/cmconsultores.com.co\/wp-content\/uploads\/Miguel-Angel-Diaz-150x150.webp\" class=\"attachment-thumbnail size-thumbnail wp-image-10097\" alt=\"\" srcset=\"https:\/\/cmconsultores.com.co\/wp-content\/uploads\/Miguel-Angel-Diaz-150x150.webp 150w, https:\/\/cmconsultores.com.co\/wp-content\/uploads\/Miguel-Angel-Diaz-12x12.webp 12w, https:\/\/cmconsultores.com.co\/wp-content\/uploads\/Miguel-Angel-Diaz.webp 180w\" sizes=\"(max-width: 150px) 100vw, 150px\" \/><\/figure><div class=\"elementor-image-box-content\"><h5 class=\"elementor-image-box-title\">Miguel Angel Diaz<\/h5><p class=\"elementor-image-box-description\">Project Manager <\/p><\/div><\/div>\t\t<\/div>\n\t\t\t\t<\/div>\n\t\t\t\t<div class=\"elementor-element elementor-element-3d0d4c1f elementor-widget elementor-widget-text-editor\" data-id=\"3d0d4c1f\" data-element_type=\"widget\" data-widget_type=\"text-editor.default\">\n\t\t\t\t<div class=\"elementor-widget-container\">\n\t\t\t\t\t\t\t<p><strong>A Revolution<\/strong><\/p><p>Colombia is currently undergoing a major transformation in the development of educational infrastructure, driven by strategic objectives aimed at improving educational quality and expanding access to basic education and vocational training nationwide.<\/p><p>The Ministry of National Education (MEN) has projected the construction of 1,500 educational facilities across the country, including universities, schools, and early childhood education centers. Within this scope and regulatory framework, MEN has established specific criteria for planning, facility design, and learning environments, defining key sustainability strategies for the development of educational infrastructure.<\/p><p>For the upcoming four-year period, the District Education Secretariat (SED) in Bogot\u00e1 has been tasked with the construction of 35 educational institutions, including schools and kindergartens. Additionally, the Secretariat aims to complete the full planning process for the future construction of 70 additional educational facilities.<\/p><h4><strong>Porvenir School:<\/strong><strong> 95% Construction Progress <\/strong><\/h4><p>The studies and designs were delivered by the District Education Secretariat, which contracted RE Arquitectura en Estudio as the design firm.<\/p><p>Through an agreement between the SED and a private entity, the PA\u2013FFIE autonomous trust was assigned responsibility for supervising the construction and oversight contracts. The construction contractor is L&amp;B, and project supervision is carried out by the Construconsultores 2019 Consortium, within which C &amp; M Consultores S.A.S. is responsible for contract administration.<\/p><table width=\"478\"><tbody><tr><td colspan=\"2\" width=\"478\"><strong>Porvenir School<\/strong><\/td><\/tr><tr><td width=\"256\"><strong>Contract<\/strong><\/td><td width=\"222\">1380-1334-2020<\/td><\/tr><tr><td width=\"256\"><strong>M2<\/strong><\/td><td width=\"222\">8.823,33<\/td><\/tr><tr><td width=\"256\"><strong>Location<\/strong><\/td><td width=\"222\">Engativa<\/td><\/tr><tr><td width=\"256\"><strong>Approximate contract value<\/strong><\/td><td width=\"222\">$ 41.361.551.999<\/td><\/tr><tr><td width=\"256\"><strong>Approximate final term<\/strong><\/td><td width=\"222\">29.2 months<\/td><\/tr><\/tbody><\/table><p><img fetchpriority=\"high\" decoding=\"async\" class=\"size-medium wp-image-7758 aligncenter\" src=\"https:\/\/cmconsultores.com.co\/wp-content\/uploads\/1-300x197.jpg\" alt=\"Toma en Proceso de ejecuci\u00f3n\" width=\"300\" height=\"197\" srcset=\"https:\/\/cmconsultores.com.co\/wp-content\/uploads\/1-300x197.jpg 300w, https:\/\/cmconsultores.com.co\/wp-content\/uploads\/1-1024x674.jpg 1024w, https:\/\/cmconsultores.com.co\/wp-content\/uploads\/1-150x99.jpg 150w, https:\/\/cmconsultores.com.co\/wp-content\/uploads\/1-768x505.jpg 768w, https:\/\/cmconsultores.com.co\/wp-content\/uploads\/1-1536x1011.jpg 1536w, https:\/\/cmconsultores.com.co\/wp-content\/uploads\/1-2048x1348.jpg 2048w\" sizes=\"(max-width: 300px) 100vw, 300px\" \/><\/p><p align=\"center\"><em><strong><span lang=\"ES\">Internal Facade View<\/span><\/strong><\/em><\/p><p><img decoding=\"async\" class=\"size-medium wp-image-7759 aligncenter\" src=\"https:\/\/cmconsultores.com.co\/wp-content\/uploads\/2-300x200.jpg\" alt=\"Toma del 14 de junio de 2023\" width=\"300\" height=\"200\" srcset=\"https:\/\/cmconsultores.com.co\/wp-content\/uploads\/2-300x200.jpg 300w, https:\/\/cmconsultores.com.co\/wp-content\/uploads\/2-1024x683.jpg 1024w, https:\/\/cmconsultores.com.co\/wp-content\/uploads\/2-150x100.jpg 150w, https:\/\/cmconsultores.com.co\/wp-content\/uploads\/2-768x512.jpg 768w, https:\/\/cmconsultores.com.co\/wp-content\/uploads\/2-1536x1024.jpg 1536w, https:\/\/cmconsultores.com.co\/wp-content\/uploads\/2-2048x1366.jpg 2048w\" sizes=\"(max-width: 300px) 100vw, 300px\" \/><\/p><p style=\"text-align: center;\"><em><strong><span lang=\"ES\">Internal Aerial View of Central Courtyard<\/span><\/strong><\/em><\/p><p><img loading=\"lazy\" decoding=\"async\" class=\"size-medium wp-image-7760 aligncenter\" src=\"https:\/\/cmconsultores.com.co\/wp-content\/uploads\/3-300x200.jpg\" alt=\" Vista A\u00e9rea Interna Patio Central Toma del 14 de junio de 2023 Toma del 14 de junio de 2023 Fachada Externa Costado Occidental. Toma del 14 de junio de 2023 Toma del 14 de junio de 2023\" width=\"300\" height=\"200\" srcset=\"https:\/\/cmconsultores.com.co\/wp-content\/uploads\/3-300x200.jpg 300w, https:\/\/cmconsultores.com.co\/wp-content\/uploads\/3-1024x683.jpg 1024w, https:\/\/cmconsultores.com.co\/wp-content\/uploads\/3-150x100.jpg 150w, https:\/\/cmconsultores.com.co\/wp-content\/uploads\/3-768x512.jpg 768w, https:\/\/cmconsultores.com.co\/wp-content\/uploads\/3-1536x1024.jpg 1536w, https:\/\/cmconsultores.com.co\/wp-content\/uploads\/3-2048x1366.jpg 2048w\" sizes=\"(max-width: 300px) 100vw, 300px\" \/><\/p><p class=\"Subttulodelartculopequeo\" style=\"text-align: center;\" align=\"center\"><em><strong><span lang=\"ES\">External Facade, Western Side<\/span><\/strong><\/em><\/p><p>Project configuration is defined by the following components:<\/p><p><strong>Architectural Design<\/strong><\/p><p>The project consists of four independent buildings: Block 1 with six floors, Blocks 2 and 3 with three floors each, and Block 4 with two floors.<\/p><p>Vertical circulation is provided through two main elevators and staircases prominently integrated into the internal fade.The school is designed for a capacity of 1,040 students, comprising 8 preschool classrooms, 10 primary education classrooms, 8 lower secondary classrooms, 4 upper secondary classrooms, 2 computer labs, 2 multipurpose classrooms, and 2 CRI classrooms.<\/p><p>As part of its recreational and extracurricular facilities, the project includes an auditorium with seating for 172 students, a synthetic micro-soccer field located on the roof of Block 2, and a multipurpose sports court within the internal campus layout.<\/p><p>\u00a0<\/p><p>\u00a0<\/p><p><strong>Foundations<\/strong><\/p><p>The building features a deep foundation system consisting of piles with an average depth of 32 meters, connected at the pile heads by pile caps of varying dimensions and integrated through a network of foundation beams.<\/p><p><strong>Structural System<\/strong><\/p><p>The structural system of the three main buildings combines reinforced concrete frames and shear walls, tied together by floor slab diaphragms with an approximate thickness of 60 cm, ensuring structural integrity and seismic performance.<\/p><p><strong>Walls <\/strong><\/p><p>The non-structural wall system consists of plastered concrete masonry units and industrialized, dry-installed exposed vertical perforated masonry.<\/p><p><strong>Building Systems<\/strong><\/p><p>The project incorporates integrated systems for voice and data networks, electrical installations, fire detection, fire protection, mechanical ventilation and extraction for kitchens and the auditorium, a public address system, and a storm detection system.<\/p><p><strong>Sustainability<\/strong><\/p><p>The project includes 80 solar panels as part of its clean energy utilization strategy.<\/p><h4><strong>Bonavista School<\/strong><strong>: 41.46% Construction Progress<\/strong><\/h4><p>As a project based on a design donation from the AR Foundation to the District Education Secretariat, Bonavista School has presented multiple challenges across all project teams. A <em>Hybrid-Agile methodology<\/em>was implemented, addressing both the lack of definition in certain design components and the need to resolve critical issues that initially prevented the start of construction activities.<\/p><p>Design coordination carried out in parallel with construction execution and project monitoring has established a value-added collaborative approach among all stakeholders. This methodology has enabled adherence to the construction schedule, maximized interdisciplinary integration, and activated the adaptive capacity required to advance the project without disruptions.<\/p><p><strong><em>\u00a0<\/em><\/strong><\/p><table width=\"597\"><tbody><tr><td colspan=\"2\" width=\"597\"><strong>Bonavista School<\/strong><\/td><\/tr><tr><td width=\"353\"><strong>Contract<\/strong><\/td><td width=\"243\">1380-1335-2020<\/td><\/tr><tr><td width=\"353\"><strong>M2<\/strong><\/td><td width=\"243\">10.562,15<\/td><\/tr><tr><td width=\"353\"><strong>Location<\/strong><\/td><td width=\"243\">Ciudad Bolivar<\/td><\/tr><tr><td width=\"353\"><strong>Approximate contract value<\/strong><\/td><td width=\"243\">$ 30.018.721.592<\/td><\/tr><tr><td width=\"353\"><strong>Approximate final term<\/strong><\/td><td width=\"243\">23 months<\/td><\/tr><\/tbody><\/table><p>The studies and designs were delivered by the District Education Secretariat following the acceptance of the AR Foundation\u2019s design donation. Through an agreement with a private entity, the SED assigned the PA\u2013FFIE autonomous trust responsibility for supervising the construction and oversight contracts. The construction contractor is Urbaniscom, and project supervision is performed by the Construconsultores 2019 Consortium, within which C &amp; M Consultores S.A.S. is responsible for contract administration.<\/p><p>Project configuration is defined by the following components:<\/p><p><strong>Architectural Design<\/strong><\/p><p>The project consists of four independent buildings: Block A with four floors, Block B with three floors, Block C with four floors, and Block D with four floors and one basement level.<\/p><p>Vertical circulation is provided through one main elevator and staircases distributed along three internal fade routes.<\/p><p>The school is designed for a capacity of 1,110 students, comprising 6 preschool classrooms, 8 primary education classrooms, 10 lower secondary classrooms, 6 upper secondary classrooms, one computer lab, and one CRI classroom.<\/p><p>As part of its recreational and extracurricular facilities, the project includes an auditorium with an approximate capacity of 250 students, as well as two soccer fields: one located on the roof of Block C and another within the internal campus layout.<\/p><p><img loading=\"lazy\" decoding=\"async\" class=\"size-medium wp-image-7754 aligncenter\" src=\"https:\/\/cmconsultores.com.co\/wp-content\/uploads\/Render-Institucion-Educativa-Colegio-Bonavista-\u2013-Urbanismo-Interno-300x169.jpg\" alt=\"Render Instituci\u00f3n Educativa Colegio Bonavista \u2013 Urbanismo Interno\" width=\"300\" height=\"169\" srcset=\"https:\/\/cmconsultores.com.co\/wp-content\/uploads\/Render-Institucion-Educativa-Colegio-Bonavista-\u2013-Urbanismo-Interno-300x169.jpg 300w, https:\/\/cmconsultores.com.co\/wp-content\/uploads\/Render-Institucion-Educativa-Colegio-Bonavista-\u2013-Urbanismo-Interno-1024x578.jpg 1024w, https:\/\/cmconsultores.com.co\/wp-content\/uploads\/Render-Institucion-Educativa-Colegio-Bonavista-\u2013-Urbanismo-Interno-150x85.jpg 150w, https:\/\/cmconsultores.com.co\/wp-content\/uploads\/Render-Institucion-Educativa-Colegio-Bonavista-\u2013-Urbanismo-Interno-768x433.jpg 768w, https:\/\/cmconsultores.com.co\/wp-content\/uploads\/Render-Institucion-Educativa-Colegio-Bonavista-\u2013-Urbanismo-Interno-1536x867.jpg 1536w, https:\/\/cmconsultores.com.co\/wp-content\/uploads\/Render-Institucion-Educativa-Colegio-Bonavista-\u2013-Urbanismo-Interno-2048x1155.jpg 2048w\" sizes=\"(max-width: 300px) 100vw, 300px\" \/><\/p><h6 style=\"text-align: center;\"><em><strong>Educational Institution Render: Bonavista School \u2013 Internal Urbanism<\/strong><\/em><\/h6>\t\t\t\t\t\t<\/div>\n\t\t\t\t<\/div>\n\t\t\t\t\t<\/div>\n\t\t<\/div>\n\t\t\t\t\t<\/div>\n\t\t<\/section>\n\t\t\t\t<\/div>","protected":false},"excerpt":{"rendered":"<p>Colombia is undergoing a major transformation in its educational infrastructure, aimed at improving both the quality of and access to education. As part of this effort, the Ministry of National Education plans to develop 1,500 educational institutions across the country. <\/p>","protected":false},"author":5,"featured_media":7764,"comment_status":"open","ping_status":"open","sticky":false,"template":"elementor_theme","format":"standard","meta":{"_acf_changed":false,"footnotes":""},"categories":[95],"tags":[],"class_list":["post-7726","post","type-post","status-publish","format-standard","has-post-thumbnail","hentry","category-actualidad"],"acf":[],"yoast_head":"<!-- This site is optimized with the Yoast SEO plugin v23.9 - https:\/\/yoast.com\/wordpress\/plugins\/seo\/ -->\n<title>Infraestructura Educativa en Colombia - C &amp; M Consultores<\/title>\n<meta name=\"robots\" content=\"index, follow, max-snippet:-1, max-image-preview:large, max-video-preview:-1\" \/>\n<link rel=\"canonical\" href=\"https:\/\/cmconsultores.com.co\/en\/infraestructura-educativa-en-colombia\/\" \/>\n<meta property=\"og:locale\" content=\"en_US\" \/>\n<meta property=\"og:type\" content=\"article\" \/>\n<meta property=\"og:title\" content=\"Infraestructura Educativa en Colombia - C &amp; M Consultores\" \/>\n<meta property=\"og:description\" content=\"En Colombia, se est\u00e1 llevando a cabo una revoluci\u00f3n en la infraestructura educativa, con el objetivo de mejorar la calidad y el acceso a la educaci\u00f3n. El Ministerio de Educaci\u00f3n Nacional planea construir 1.500 instituciones educativas en el pa\u00eds.\" \/>\n<meta property=\"og:url\" content=\"https:\/\/cmconsultores.com.co\/en\/infraestructura-educativa-en-colombia\/\" \/>\n<meta property=\"og:site_name\" content=\"C &amp; M Consultores\" \/>\n<meta property=\"article:published_time\" content=\"2023-08-09T16:18:58+00:00\" \/>\n<meta property=\"article:modified_time\" content=\"2026-01-06T16:08:14+00:00\" \/>\n<meta property=\"og:image\" content=\"https:\/\/cmconsultores.com.co\/wp-content\/uploads\/principal-scaled.jpg\" \/>\n\t<meta property=\"og:image:width\" content=\"2560\" \/>\n\t<meta property=\"og:image:height\" content=\"1651\" \/>\n\t<meta property=\"og:image:type\" content=\"image\/jpeg\" \/>\n<meta name=\"author\" content=\"CM Administrador\" \/>\n<meta name=\"twitter:card\" content=\"summary_large_image\" \/>\n<meta name=\"twitter:label1\" content=\"Written by\" \/>\n\t<meta name=\"twitter:data1\" content=\"CM Administrador\" \/>\n\t<meta name=\"twitter:label2\" content=\"Est. reading time\" \/>\n\t<meta name=\"twitter:data2\" content=\"6 minutes\" \/>\n<script type=\"application\/ld+json\" class=\"yoast-schema-graph\">{\"@context\":\"https:\/\/schema.org\",\"@graph\":[{\"@type\":\"Article\",\"@id\":\"https:\/\/cmconsultores.com.co\/infraestructura-educativa-en-colombia\/#article\",\"isPartOf\":{\"@id\":\"https:\/\/cmconsultores.com.co\/infraestructura-educativa-en-colombia\/\"},\"author\":{\"name\":\"CM Administrador\",\"@id\":\"https:\/\/cmconsultores.com.co\/#\/schema\/person\/aca9629942e998e7eb472610f6b7c79e\"},\"headline\":\"Infraestructura Educativa en Colombia\",\"datePublished\":\"2023-08-09T16:18:58+00:00\",\"dateModified\":\"2026-01-06T16:08:14+00:00\",\"mainEntityOfPage\":{\"@id\":\"https:\/\/cmconsultores.com.co\/infraestructura-educativa-en-colombia\/\"},\"wordCount\":1023,\"commentCount\":0,\"publisher\":{\"@id\":\"https:\/\/cmconsultores.com.co\/#organization\"},\"image\":{\"@id\":\"https:\/\/cmconsultores.com.co\/infraestructura-educativa-en-colombia\/#primaryimage\"},\"thumbnailUrl\":\"https:\/\/cmconsultores.com.co\/wp-content\/uploads\/principal-scaled.jpg\",\"articleSection\":[\"ACTUALIDAD\"],\"inLanguage\":\"en-US\",\"potentialAction\":[{\"@type\":\"CommentAction\",\"name\":\"Comment\",\"target\":[\"https:\/\/cmconsultores.com.co\/infraestructura-educativa-en-colombia\/#respond\"]}]},{\"@type\":\"WebPage\",\"@id\":\"https:\/\/cmconsultores.com.co\/infraestructura-educativa-en-colombia\/\",\"url\":\"https:\/\/cmconsultores.com.co\/infraestructura-educativa-en-colombia\/\",\"name\":\"Infraestructura Educativa en Colombia - C &amp; M Consultores\",\"isPartOf\":{\"@id\":\"https:\/\/cmconsultores.com.co\/#website\"},\"primaryImageOfPage\":{\"@id\":\"https:\/\/cmconsultores.com.co\/infraestructura-educativa-en-colombia\/#primaryimage\"},\"image\":{\"@id\":\"https:\/\/cmconsultores.com.co\/infraestructura-educativa-en-colombia\/#primaryimage\"},\"thumbnailUrl\":\"https:\/\/cmconsultores.com.co\/wp-content\/uploads\/principal-scaled.jpg\",\"datePublished\":\"2023-08-09T16:18:58+00:00\",\"dateModified\":\"2026-01-06T16:08:14+00:00\",\"breadcrumb\":{\"@id\":\"https:\/\/cmconsultores.com.co\/infraestructura-educativa-en-colombia\/#breadcrumb\"},\"inLanguage\":\"en-US\",\"potentialAction\":[{\"@type\":\"ReadAction\",\"target\":[\"https:\/\/cmconsultores.com.co\/infraestructura-educativa-en-colombia\/\"]}]},{\"@type\":\"ImageObject\",\"inLanguage\":\"en-US\",\"@id\":\"https:\/\/cmconsultores.com.co\/infraestructura-educativa-en-colombia\/#primaryimage\",\"url\":\"https:\/\/cmconsultores.com.co\/wp-content\/uploads\/principal-scaled.jpg\",\"contentUrl\":\"https:\/\/cmconsultores.com.co\/wp-content\/uploads\/principal-scaled.jpg\",\"width\":2560,\"height\":1651,\"caption\":\"Instituci\u00f3n Educativa Colegio PORVENIR - Bogot\u00e1 - Engativ\u00e1 \u2013 8.823,33 m2\"},{\"@type\":\"BreadcrumbList\",\"@id\":\"https:\/\/cmconsultores.com.co\/infraestructura-educativa-en-colombia\/#breadcrumb\",\"itemListElement\":[{\"@type\":\"ListItem\",\"position\":1,\"name\":\"Home\",\"item\":\"https:\/\/cmconsultores.com.co\/\"},{\"@type\":\"ListItem\",\"position\":2,\"name\":\"Infraestructura Educativa en Colombia\"}]},{\"@type\":\"WebSite\",\"@id\":\"https:\/\/cmconsultores.com.co\/#website\",\"url\":\"https:\/\/cmconsultores.com.co\/\",\"name\":\"C &amp; M Consultores\",\"description\":\"Asesor\u00eda y Consultor\u00eda Gerencial\",\"publisher\":{\"@id\":\"https:\/\/cmconsultores.com.co\/#organization\"},\"potentialAction\":[{\"@type\":\"SearchAction\",\"target\":{\"@type\":\"EntryPoint\",\"urlTemplate\":\"https:\/\/cmconsultores.com.co\/?s={search_term_string}\"},\"query-input\":{\"@type\":\"PropertyValueSpecification\",\"valueRequired\":true,\"valueName\":\"search_term_string\"}}],\"inLanguage\":\"en-US\"},{\"@type\":\"Organization\",\"@id\":\"https:\/\/cmconsultores.com.co\/#organization\",\"name\":\"C &amp; M Consultores\",\"url\":\"https:\/\/cmconsultores.com.co\/\",\"logo\":{\"@type\":\"ImageObject\",\"inLanguage\":\"en-US\",\"@id\":\"https:\/\/cmconsultores.com.co\/#\/schema\/logo\/image\/\",\"url\":\"https:\/\/cmconsultores.com.co\/wp-content\/uploads\/C-M-Marca-Registrada-Blanco.png\",\"contentUrl\":\"https:\/\/cmconsultores.com.co\/wp-content\/uploads\/C-M-Marca-Registrada-Blanco.png\",\"width\":300,\"height\":180,\"caption\":\"C &amp; M Consultores\"},\"image\":{\"@id\":\"https:\/\/cmconsultores.com.co\/#\/schema\/logo\/image\/\"}},{\"@type\":\"Person\",\"@id\":\"https:\/\/cmconsultores.com.co\/#\/schema\/person\/aca9629942e998e7eb472610f6b7c79e\",\"name\":\"CM Administrador\",\"image\":{\"@type\":\"ImageObject\",\"inLanguage\":\"en-US\",\"@id\":\"https:\/\/cmconsultores.com.co\/#\/schema\/person\/image\/\",\"url\":\"https:\/\/secure.gravatar.com\/avatar\/9baae25a0c0f72376a9038344f69bf41fd27f6d574436576a53e5093844f268b?s=96&d=mm&r=g\",\"contentUrl\":\"https:\/\/secure.gravatar.com\/avatar\/9baae25a0c0f72376a9038344f69bf41fd27f6d574436576a53e5093844f268b?s=96&d=mm&r=g\",\"caption\":\"CM Administrador\"},\"url\":\"https:\/\/cmconsultores.com.co\/en\/author\/cm-admin_mouse\/\"}]}<\/script>\n<!-- \/ Yoast SEO plugin. -->","yoast_head_json":{"title":"Infraestructura Educativa en Colombia - C &amp; M Consultores","robots":{"index":"index","follow":"follow","max-snippet":"max-snippet:-1","max-image-preview":"max-image-preview:large","max-video-preview":"max-video-preview:-1"},"canonical":"https:\/\/cmconsultores.com.co\/en\/infraestructura-educativa-en-colombia\/","og_locale":"en_US","og_type":"article","og_title":"Infraestructura Educativa en Colombia - C &amp; M Consultores","og_description":"En Colombia, se est\u00e1 llevando a cabo una revoluci\u00f3n en la infraestructura educativa, con el objetivo de mejorar la calidad y el acceso a la educaci\u00f3n. El Ministerio de Educaci\u00f3n Nacional planea construir 1.500 instituciones educativas en el pa\u00eds.","og_url":"https:\/\/cmconsultores.com.co\/en\/infraestructura-educativa-en-colombia\/","og_site_name":"C &amp; M Consultores","article_published_time":"2023-08-09T16:18:58+00:00","article_modified_time":"2026-01-06T16:08:14+00:00","og_image":[{"width":2560,"height":1651,"url":"https:\/\/cmconsultores.com.co\/wp-content\/uploads\/principal-scaled.jpg","type":"image\/jpeg"}],"author":"CM Administrador","twitter_card":"summary_large_image","twitter_misc":{"Written by":"CM Administrador","Est. reading time":"6 minutes"},"schema":{"@context":"https:\/\/schema.org","@graph":[{"@type":"Article","@id":"https:\/\/cmconsultores.com.co\/infraestructura-educativa-en-colombia\/#article","isPartOf":{"@id":"https:\/\/cmconsultores.com.co\/infraestructura-educativa-en-colombia\/"},"author":{"name":"CM Administrador","@id":"https:\/\/cmconsultores.com.co\/#\/schema\/person\/aca9629942e998e7eb472610f6b7c79e"},"headline":"Infraestructura Educativa en Colombia","datePublished":"2023-08-09T16:18:58+00:00","dateModified":"2026-01-06T16:08:14+00:00","mainEntityOfPage":{"@id":"https:\/\/cmconsultores.com.co\/infraestructura-educativa-en-colombia\/"},"wordCount":1023,"commentCount":0,"publisher":{"@id":"https:\/\/cmconsultores.com.co\/#organization"},"image":{"@id":"https:\/\/cmconsultores.com.co\/infraestructura-educativa-en-colombia\/#primaryimage"},"thumbnailUrl":"https:\/\/cmconsultores.com.co\/wp-content\/uploads\/principal-scaled.jpg","articleSection":["ACTUALIDAD"],"inLanguage":"en-US","potentialAction":[{"@type":"CommentAction","name":"Comment","target":["https:\/\/cmconsultores.com.co\/infraestructura-educativa-en-colombia\/#respond"]}]},{"@type":"WebPage","@id":"https:\/\/cmconsultores.com.co\/infraestructura-educativa-en-colombia\/","url":"https:\/\/cmconsultores.com.co\/infraestructura-educativa-en-colombia\/","name":"Infraestructura Educativa en Colombia - C &amp; M Consultores","isPartOf":{"@id":"https:\/\/cmconsultores.com.co\/#website"},"primaryImageOfPage":{"@id":"https:\/\/cmconsultores.com.co\/infraestructura-educativa-en-colombia\/#primaryimage"},"image":{"@id":"https:\/\/cmconsultores.com.co\/infraestructura-educativa-en-colombia\/#primaryimage"},"thumbnailUrl":"https:\/\/cmconsultores.com.co\/wp-content\/uploads\/principal-scaled.jpg","datePublished":"2023-08-09T16:18:58+00:00","dateModified":"2026-01-06T16:08:14+00:00","breadcrumb":{"@id":"https:\/\/cmconsultores.com.co\/infraestructura-educativa-en-colombia\/#breadcrumb"},"inLanguage":"en-US","potentialAction":[{"@type":"ReadAction","target":["https:\/\/cmconsultores.com.co\/infraestructura-educativa-en-colombia\/"]}]},{"@type":"ImageObject","inLanguage":"en-US","@id":"https:\/\/cmconsultores.com.co\/infraestructura-educativa-en-colombia\/#primaryimage","url":"https:\/\/cmconsultores.com.co\/wp-content\/uploads\/principal-scaled.jpg","contentUrl":"https:\/\/cmconsultores.com.co\/wp-content\/uploads\/principal-scaled.jpg","width":2560,"height":1651,"caption":"Instituci\u00f3n Educativa Colegio PORVENIR - Bogot\u00e1 - Engativ\u00e1 \u2013 8.823,33 m2"},{"@type":"BreadcrumbList","@id":"https:\/\/cmconsultores.com.co\/infraestructura-educativa-en-colombia\/#breadcrumb","itemListElement":[{"@type":"ListItem","position":1,"name":"Home","item":"https:\/\/cmconsultores.com.co\/"},{"@type":"ListItem","position":2,"name":"Infraestructura Educativa en Colombia"}]},{"@type":"WebSite","@id":"https:\/\/cmconsultores.com.co\/#website","url":"https:\/\/cmconsultores.com.co\/","name":"C &amp; M Consultores","description":"Asesor\u00eda y Consultor\u00eda Gerencial","publisher":{"@id":"https:\/\/cmconsultores.com.co\/#organization"},"potentialAction":[{"@type":"SearchAction","target":{"@type":"EntryPoint","urlTemplate":"https:\/\/cmconsultores.com.co\/?s={search_term_string}"},"query-input":{"@type":"PropertyValueSpecification","valueRequired":true,"valueName":"search_term_string"}}],"inLanguage":"en-US"},{"@type":"Organization","@id":"https:\/\/cmconsultores.com.co\/#organization","name":"C &amp; M Consultores","url":"https:\/\/cmconsultores.com.co\/","logo":{"@type":"ImageObject","inLanguage":"en-US","@id":"https:\/\/cmconsultores.com.co\/#\/schema\/logo\/image\/","url":"https:\/\/cmconsultores.com.co\/wp-content\/uploads\/C-M-Marca-Registrada-Blanco.png","contentUrl":"https:\/\/cmconsultores.com.co\/wp-content\/uploads\/C-M-Marca-Registrada-Blanco.png","width":300,"height":180,"caption":"C &amp; M Consultores"},"image":{"@id":"https:\/\/cmconsultores.com.co\/#\/schema\/logo\/image\/"}},{"@type":"Person","@id":"https:\/\/cmconsultores.com.co\/#\/schema\/person\/aca9629942e998e7eb472610f6b7c79e","name":"CM Administrador","image":{"@type":"ImageObject","inLanguage":"en-US","@id":"https:\/\/cmconsultores.com.co\/#\/schema\/person\/image\/","url":"https:\/\/secure.gravatar.com\/avatar\/9baae25a0c0f72376a9038344f69bf41fd27f6d574436576a53e5093844f268b?s=96&d=mm&r=g","contentUrl":"https:\/\/secure.gravatar.com\/avatar\/9baae25a0c0f72376a9038344f69bf41fd27f6d574436576a53e5093844f268b?s=96&d=mm&r=g","caption":"CM Administrador"},"url":"https:\/\/cmconsultores.com.co\/en\/author\/cm-admin_mouse\/"}]}},"_links":{"self":[{"href":"https:\/\/cmconsultores.com.co\/en\/wp-json\/wp\/v2\/posts\/7726","targetHints":{"allow":["GET"]}}],"collection":[{"href":"https:\/\/cmconsultores.com.co\/en\/wp-json\/wp\/v2\/posts"}],"about":[{"href":"https:\/\/cmconsultores.com.co\/en\/wp-json\/wp\/v2\/types\/post"}],"author":[{"embeddable":true,"href":"https:\/\/cmconsultores.com.co\/en\/wp-json\/wp\/v2\/users\/5"}],"replies":[{"embeddable":true,"href":"https:\/\/cmconsultores.com.co\/en\/wp-json\/wp\/v2\/comments?post=7726"}],"version-history":[{"count":0,"href":"https:\/\/cmconsultores.com.co\/en\/wp-json\/wp\/v2\/posts\/7726\/revisions"}],"wp:featuredmedia":[{"embeddable":true,"href":"https:\/\/cmconsultores.com.co\/en\/wp-json\/wp\/v2\/media\/7764"}],"wp:attachment":[{"href":"https:\/\/cmconsultores.com.co\/en\/wp-json\/wp\/v2\/media?parent=7726"}],"wp:term":[{"taxonomy":"category","embeddable":true,"href":"https:\/\/cmconsultores.com.co\/en\/wp-json\/wp\/v2\/categories?post=7726"},{"taxonomy":"post_tag","embeddable":true,"href":"https:\/\/cmconsultores.com.co\/en\/wp-json\/wp\/v2\/tags?post=7726"}],"curies":[{"name":"wp","href":"https:\/\/api.w.org\/{rel}","templated":true}]}}